{"id":668,"date":"2015-04-07T11:06:59","date_gmt":"2015-04-07T11:06:59","guid":{"rendered":"http:\/\/joves.colectic.coop\/recursos\/2015\/04\/07\/obrim-inscripcins-a-la-revista-del-barri\/"},"modified":"2015-04-09T16:15:57","modified_gmt":"2015-04-09T16:15:57","slug":"obrim-inscripcins-a-la-revista-del-barri","status":"publish","type":"post","link":"https:\/\/joves.colectic.coop\/recursos\/2015\/04\/07\/obrim-inscripcins-a-la-revista-del-barri\/","title":{"rendered":"Obrim inscripcions a la &#8220;Revista del Barri&#8221;"},"content":{"rendered":"<p><!--\nP { margin-bottom: 0.21cm; }A:link { color: rgb(0, 0, 128); text-decoration: underline; }A:visited { color: rgb(128, 0, 0); text-decoration: underline; }\n-->Aprenem a utilitzar des de zero l\u2019ordinador i altres dispositius com tablets i smartphones mentre descobrim el barri i participem en l\u2019elaboraci\u00f3 de continguts digitals.<\/p>\n<p>Taller destinat a persones sense coneixements b\u00e0sics d&#8217;inform\u00e0tica.<\/p>\n<p><strong>Horari de Mat\u00ed (Comen\u00e7a 16 d&#8217;abril)<\/strong><\/p>\n<ul>\n<li><b>Inscripcions: a l&#8217;espai pr\u00e0ctic <\/b>\n<ul>\n<li>del 7 al 17 de gener de 13h a 14:30h.<\/li>\n<li>del 7 i 16 de gener de 20h a 21:30h.<\/li>\n<li><i>Les places s&#8217;assignaran per ordre d&#8217;arribada. El taller, de 30h de durada, \u00e9s gratu\u00eft.<\/i><\/li>\n<\/ul>\n<\/li>\n<\/ul>\n<p><strong>Horari de Tarda (Comen\u00e7a 28 d&#8217;abril)<\/strong><\/p>\n<ul>\n<li><b>Inscripcions: a l&#8217;espai pr\u00e0ctic <\/b>\n<ul>\n<li>del 7 al 15 de gener de 13h a 14:30h.<\/li>\n<li>del 7 i 15 de gener de 20h a 21:30h.<\/li>\n<li><i>Les places s&#8217;assignaran per ordre d&#8217;arribada. El taller, de 30h de durada, \u00e9s gratu\u00eft.<\/i><\/li>\n<\/ul>\n<p>&nbsp;<\/li>\n<\/ul>\n<p><!--\nP { margin-bottom: 0.21cm; }\n--><b>Espai pr\u00e0ctic<\/b><i><br \/>\n<\/i>Obrim la sala per a que puguis utilitzar l&#8217;ordinador i la connexi\u00f3 a Internet (wifi)<i>.<\/i> Podr\u00e0s practicar tot all\u00f2 que has apr\u00e8s i plantejar els teus dubtes.<\/p>\n<ul>\n<li><b>Horari:<\/b>\n<ul>\n<li>Dilluns, dimarts, dijous i divendres de 13h a 14:30h;<\/li>\n<li>Dimecres de 20h a 21h.<\/li>\n<\/ul>\n<\/li>\n<\/ul>\n","protected":false},"excerpt":{"rendered":"<p>Aprenem a utilitzar des de zero l\u2019ordinador i altres dispositius com tablets i smartphones mentre descobrim el barri i participem en l\u2019elaboraci\u00f3 de continguts digitals.<\/p>\n","protected":false},"author":1,"featured_media":669,"comment_status":"open","ping_status":"open","sticky":false,"template":"","format":"standard","meta":{"footnotes":""},"categories":[70,116,1,84,72],"tags":[117,65,110,97,119,113,47,69],"class_list":["post-668","post","type-post","status-publish","format-standard","has-post-thumbnail","hentry","category-activitatsteb","category-agenda","category-general","category-noticies","category-omniateb","tag-117","tag-activitats","tag-adults","tag-educacio","tag-formacio","tag-iniciacio-informatica","tag-omnia","tag-taller"],"_links":{"self":[{"href":"https:\/\/joves.colectic.coop\/recursos\/wp-json\/wp\/v2\/posts\/668","targetHints":{"allow":["GET"]}}],"collection":[{"href":"https:\/\/joves.colectic.coop\/recursos\/wp-json\/wp\/v2\/posts"}],"about":[{"href":"https:\/\/joves.colectic.coop\/recursos\/wp-json\/wp\/v2\/types\/post"}],"author":[{"embeddable":true,"href":"https:\/\/joves.colectic.coop\/recursos\/wp-json\/wp\/v2\/users\/1"}],"replies":[{"embeddable":true,"href":"https:\/\/joves.colectic.coop\/recursos\/wp-json\/wp\/v2\/comments?post=668"}],"version-history":[{"count":1,"href":"https:\/\/joves.colectic.coop\/recursos\/wp-json\/wp\/v2\/posts\/668\/revisions"}],"predecessor-version":[{"id":674,"href":"https:\/\/joves.colectic.coop\/recursos\/wp-json\/wp\/v2\/posts\/668\/revisions\/674"}],"wp:featuredmedia":[{"embeddable":true,"href":"https:\/\/joves.colectic.coop\/recursos\/wp-json\/wp\/v2\/media\/669"}],"wp:attachment":[{"href":"https:\/\/joves.colectic.coop\/recursos\/wp-json\/wp\/v2\/media?parent=668"}],"wp:term":[{"taxonomy":"category","embeddable":true,"href":"https:\/\/joves.colectic.coop\/recursos\/wp-json\/wp\/v2\/categories?post=668"},{"taxonomy":"post_tag","embeddable":true,"href":"https:\/\/joves.colectic.coop\/recursos\/wp-json\/wp\/v2\/tags?post=668"}],"curies":[{"name":"wp","href":"https:\/\/api.w.org\/{rel}","templated":true}]}}