{"id":112,"date":"2010-10-29T21:55:08","date_gmt":"2010-10-29T19:55:08","guid":{"rendered":"http:\/\/mediateca.ravalnet.org\/recursos\/?p=112"},"modified":"2010-10-29T21:55:08","modified_gmt":"2010-10-29T19:55:08","slug":"comencem-a-redactar-el-curriculum","status":"publish","type":"post","link":"https:\/\/joves.colectic.coop\/recursos\/2010\/10\/29\/comencem-a-redactar-el-curriculum\/","title":{"rendered":"Comencem a redactar el curr\u00edculum!"},"content":{"rendered":"<p>En aquesta ocasi\u00f3 us oferim una eina que, de manera molt senzilla, ens ofereix la possibilitat de disposar del nostre curr\u00edculum. Tant sols hem de seguir les instruccions que apareixen en pantalla i, un cop introduides les dades, ens ofereix la opci\u00f3 per descarregar el document de text.<\/p>\n<p><strong>Aquesta pot ser una bona base per comen\u00e7ar a buscar feina, amb un curr\u00edculum ben presentat!<\/strong><\/p>\n<p>Accedeix a l&#8217;eina que ens ofereix el web del SOC, el Servei d&#8217;Ocupaci\u00f3 de Catalunya:<\/p>\n<h3>-&gt; <a title=\"Iniciar el curr\u00edculum\" href=\"http:\/\/www.oficinadetreball.cat\/CVGenerator\/CVG?CNMACTION=cvinit&amp;LANGUAGE=ES&amp;TYPE=NORMAL\" target=\"_blank\">Comen\u00e7a amb el teu curr\u00edculum<\/a><\/h3>\n","protected":false},"excerpt":{"rendered":"<p>En aquesta ocasi\u00f3 us oferim una eina que, de manera molt senzilla, ens ofereix la possibilitat de disposar del nostre curr\u00edculum. Tant sols hem de seguir les instruccions que apareixen en pantalla i, un cop introduides les dades, ens ofereix la opci\u00f3 per descarregar el document de text. Aquesta pot ser una bona base per&#8230;<\/p>\n","protected":false},"author":1,"featured_media":0,"comment_status":"open","ping_status":"open","sticky":false,"template":"","format":"standard","meta":{"footnotes":""},"categories":[6,12],"tags":[35,36,43,49,54],"class_list":["post-112","post","type-post","status-publish","format-standard","hentry","category-insercio-laboral","category-models-curriculum","tag-curriculum","tag-dinamitzacio-biblio","tag-insercio-sociolaboral","tag-online","tag-soc"],"_links":{"self":[{"href":"https:\/\/joves.colectic.coop\/recursos\/wp-json\/wp\/v2\/posts\/112","targetHints":{"allow":["GET"]}}],"collection":[{"href":"https:\/\/joves.colectic.coop\/recursos\/wp-json\/wp\/v2\/posts"}],"about":[{"href":"https:\/\/joves.colectic.coop\/recursos\/wp-json\/wp\/v2\/types\/post"}],"author":[{"embeddable":true,"href":"https:\/\/joves.colectic.coop\/recursos\/wp-json\/wp\/v2\/users\/1"}],"replies":[{"embeddable":true,"href":"https:\/\/joves.colectic.coop\/recursos\/wp-json\/wp\/v2\/comments?post=112"}],"version-history":[{"count":0,"href":"https:\/\/joves.colectic.coop\/recursos\/wp-json\/wp\/v2\/posts\/112\/revisions"}],"wp:attachment":[{"href":"https:\/\/joves.colectic.coop\/recursos\/wp-json\/wp\/v2\/media?parent=112"}],"wp:term":[{"taxonomy":"category","embeddable":true,"href":"https:\/\/joves.colectic.coop\/recursos\/wp-json\/wp\/v2\/categories?post=112"},{"taxonomy":"post_tag","embeddable":true,"href":"https:\/\/joves.colectic.coop\/recursos\/wp-json\/wp\/v2\/tags?post=112"}],"curies":[{"name":"wp","href":"https:\/\/api.w.org\/{rel}","templated":true}]}}